{"id":3255,"date":"2022-04-14T12:02:21","date_gmt":"2022-04-14T16:02:21","guid":{"rendered":"https:\/\/www.goremaule.cl\/goremauleVII\/?p=3255"},"modified":"2022-04-14T12:02:21","modified_gmt":"2022-04-14T16:02:21","slug":"gobierno-regional-del-maule-inauguro-obras-por-mas-de-mil-200-millones-en-la-comuna-de-licanten","status":"publish","type":"post","link":"https:\/\/www.goremaule.cl\/goremauleVII\/2022\/04\/14\/gobierno-regional-del-maule-inauguro-obras-por-mas-de-mil-200-millones-en-la-comuna-de-licanten\/","title":{"rendered":"Gobierno Regional del Maule inaugur\u00f3 obras por m\u00e1s de mil 200 millones en la comuna de Licant\u00e9n"},"content":{"rendered":"\n<ul class=\"wp-block-list\"><li><em>La Gobernadora Regional Cristina Bravo, encabez\u00f3 las ceremonias de inauguraci\u00f3n de una nueva sede en Iloca, las veredas de Avenida Lautaro, el Pavimento en la calzada Ciro Boetto y la entrega del cami\u00f3n recolector de basura.<\/em><\/li><\/ul>\n\n\n\n<p>Una extensa jornada de actividades tuvo la Gobernadora Regional Cristina Bravo en la comuna de Licant\u00e9n, en donde comenz\u00f3 inaugurando la sede social de la Villa Ray\u00e9n, las veredas de Avenida Lautaro, el Pavimento en la calzada Ciro Boetto y la entrega del cami\u00f3n recolector de basura y contenedores para Licant\u00e9n urbano.<\/p>\n\n\n\n<p>La sede social es un proyecto financiado por el Gobierno Regional del Maule y que signific\u00f3 una inversi\u00f3n de $92.925.975, iniciativa de&nbsp; reconstrucci\u00f3n post terremoto en la localidad de Iloca, la cual cuenta con 60 viviendas, sin embargo, dicha villa no posee una sede social para desarrollar diversas actividades propias de la comunidad.<\/p>\n\n\n\n<p>\u201cQuiero agradecer a todos los vecinos y vecinas de la comuna de Licant\u00e9n, los vecinos de Iloca y Duao, porque hoy nos encontramos con ellos en la inauguraci\u00f3n de su sede social tan anhelada, proyecto presentado por el municipio y lo aprobamos el a\u00f1o pasado cuando reci\u00e9n hab\u00eda asumido el cargo como Gobernadora Regional. Estamos muy orgullosos, ya que esto permitir\u00e1 que se re\u00fanan los vecinos, podr\u00e1n compartir en esta sede, y tambi\u00e9n ser\u00e1 una instancia para los ni\u00f1os y j\u00f3venes del sector\u201d, manifest\u00f3 Cristina Bravo, Gobernadora Regional del Maule.<\/p>\n\n\n\n<p>El Alcalde de Licant\u00e9n Marcelo Fern\u00e1ndez agreg\u00f3, \u201cestamos entreg\u00e1ndole la sede social, que adem\u00e1s de la construcci\u00f3n, se inclu\u00eda la implementaci\u00f3n, estoy feliz porque ahora se podr\u00e1n reencontrar y no en el espacio abierto, dentro de un lugar digno y propio para todos los vecinos de la Villa Ray\u00e9n Quitral\u201d.<\/p>\n\n\n\n<p>En cuanto al mejoramiento de las veredas de Avenida Lautaro, en su segunda etapa, la iniciativa tuvo un costo de $48.397.350 y se trata de la v\u00eda principal de la comuna, donde se&nbsp; ubican viviendas, gran parte del comercio local y servicios p\u00fablicos.<\/p>\n\n\n\n<p>El mejoramiento del pavimento de la calzada de calle Ciro Boetto, signific\u00f3 una inversi\u00f3n de $1.133.731.800 y permiti\u00f3 cambiar la actual carpeta de rodado vehicular pasando de tierra a hormig\u00f3n de cemento vibrado y materializar veredas peatonales de hormig\u00f3n en ambos costados de la calzada a lo largo de toda su extensi\u00f3n.<\/p>\n\n\n\n<p>\u201cEstamos muy contentos porque estamos inaugurando una pavimentaci\u00f3n maravillosa, que cambiar\u00e1 la vida de las personas para bien, porque el polvo del verano y el barro en el invierno eran muy insoportables, se mejora la calidad de vida y el entorno\u201d, indic\u00f3 Marcelo Fern\u00e1ndez, Alcalde de Licant\u00e9n.<\/p>\n\n\n\n<p>Adem\u00e1s la Gobernadora Regional Cristina Bravo, realiz\u00f3 la entrega formal de un cami\u00f3n recolector de basura para la parte urbana de Licant\u00e9n, lo que significar\u00e1 una importante mejora en la calidad de trabajado del personal de aseo de la comuna y que representa una inversi\u00f3n de $165.418.581.<\/p>\n\n\n\n<p>\u201cPero las buenas noticias no terminan para Licant\u00e9n, aprobamos el proyecto de reposici\u00f3n de veredas para Iloca y adem\u00e1s aprobamos la compra de minibuses escolares, un cami\u00f3n alza-hombres y dos veh\u00edculos para el municipio, todo esto busca centrarse en las necesidades que tienen los vecinos y vecinas\u201d, concluy\u00f3 Cristina Bravo.<\/p>\n","protected":false},"excerpt":{"rendered":"<p>La Gobernadora Regional Cristina Bravo, encabez\u00f3 las ceremonias de inauguraci\u00f3n de una nueva sede en Iloca, las veredas de Avenida Lautaro, el Pavimento en la calzada Ciro Boetto y la entrega del cami\u00f3n recolector de basura. Una extensa jornada de actividades tuvo la Gobernadora Regional Cristina Bravo en la comuna de Licant\u00e9n, en donde comenz\u00f3 [&hellip;]<\/p>\n","protected":false},"author":3,"featured_media":3256,"comment_status":"open","ping_status":"open","sticky":false,"template":"","format":"standard","meta":{"_lmt_disableupdate":"","_lmt_disable":"","footnotes":""},"categories":[3],"tags":[],"class_list":["post-3255","post","type-post","status-publish","format-standard","has-post-thumbnail","hentry","category-prensa"],"modified_by":null,"_links":{"self":[{"href":"https:\/\/www.goremaule.cl\/goremauleVII\/wp-json\/wp\/v2\/posts\/3255","targetHints":{"allow":["GET"]}}],"collection":[{"href":"https:\/\/www.goremaule.cl\/goremauleVII\/wp-json\/wp\/v2\/posts"}],"about":[{"href":"https:\/\/www.goremaule.cl\/goremauleVII\/wp-json\/wp\/v2\/types\/post"}],"author":[{"embeddable":true,"href":"https:\/\/www.goremaule.cl\/goremauleVII\/wp-json\/wp\/v2\/users\/3"}],"replies":[{"embeddable":true,"href":"https:\/\/www.goremaule.cl\/goremauleVII\/wp-json\/wp\/v2\/comments?post=3255"}],"version-history":[{"count":1,"href":"https:\/\/www.goremaule.cl\/goremauleVII\/wp-json\/wp\/v2\/posts\/3255\/revisions"}],"predecessor-version":[{"id":3257,"href":"https:\/\/www.goremaule.cl\/goremauleVII\/wp-json\/wp\/v2\/posts\/3255\/revisions\/3257"}],"wp:featuredmedia":[{"embeddable":true,"href":"https:\/\/www.goremaule.cl\/goremauleVII\/wp-json\/wp\/v2\/media\/3256"}],"wp:attachment":[{"href":"https:\/\/www.goremaule.cl\/goremauleVII\/wp-json\/wp\/v2\/media?parent=3255"}],"wp:term":[{"taxonomy":"category","embeddable":true,"href":"https:\/\/www.goremaule.cl\/goremauleVII\/wp-json\/wp\/v2\/categories?post=3255"},{"taxonomy":"post_tag","embeddable":true,"href":"https:\/\/www.goremaule.cl\/goremauleVII\/wp-json\/wp\/v2\/tags?post=3255"}],"curies":[{"name":"wp","href":"https:\/\/api.w.org\/{rel}","templated":true}]}}