{"id":2802,"date":"2022-02-28T11:57:29","date_gmt":"2022-02-28T14:57:29","guid":{"rendered":"https:\/\/www.goremaule.cl\/goremauleVII\/?p=2802"},"modified":"2022-02-28T11:57:29","modified_gmt":"2022-02-28T14:57:29","slug":"gobernadora-cristina-bravo-promueve-consulta-indigena-de-la-convencion-constitucional","status":"publish","type":"post","link":"https:\/\/www.goremaule.cl\/goremauleVII\/2022\/02\/28\/gobernadora-cristina-bravo-promueve-consulta-indigena-de-la-convencion-constitucional\/","title":{"rendered":"Gobernadora Cristina Bravo promueve Consulta Ind\u00edgena de la Convenci\u00f3n Constitucional"},"content":{"rendered":"\n<p><\/p>\n\n\n\n<ul class=\"wp-block-list\"><li><em>En el marco de la elaboraci\u00f3n de la nueva Constituci\u00f3n para Chile, el Gobierno Regional del Maule, colaborar\u00e1 con los Pueblos Originarios maulinos en la construcci\u00f3n de sus propuestas&nbsp;<\/em><\/li><\/ul>\n\n\n\n<p>Talca.- Con el fin de apoyar a los Pueblos Originarios de la Convenci\u00f3n Constitucional de la Regi\u00f3n del Maule, la Gobernadora Regional, Cristina Bravo, en conjunto con el Coordinador de la Consulta Ind\u00edgena de la Convenci\u00f3n Constitucional, Iv\u00e1n Lepian, realizaron un llamado a los pueblos y naciones ind\u00edgenas existentes en la Regi\u00f3n del Maule a participar de la Consulta Ind\u00edgena, cuya finalidad es la elaboraci\u00f3n de propuestas de norma que conformen el cat\u00e1logo de Derecho de los Pueblos Ind\u00edgenas, que se someter\u00e1 a una posterior votaci\u00f3n del Pleno de la Convenci\u00f3n para sumarse a la nueva Carta Magna del pa\u00eds.&nbsp;<\/p>\n\n\n\n<p>La Gobernadora Regional, Cristina Bravo, se\u00f1al\u00f3 que \u201cpara nosotros desde el Gobierno Regional es muy importante trabajar de la mano con los Pueblos Originarios de la Regi\u00f3n del Maule, y tenemos un compromiso con la Convenci\u00f3n Constituyente para poder apoyar la iniciativa y sobre todo la Consulta ind\u00edgena. Nosotros queremos que la nueva Constituci\u00f3n incorpore no solamente los derechos de los Pueblos Ind\u00edgenas, sino que tambi\u00e9n incorporen otros temas que son relevantes y que hasta el d\u00eda de hoy no son considerados para mejorar la calidad de vida de cada uno de ellos\u201d.&nbsp;&nbsp;<\/p>\n\n\n\n<p>Asimismo, la m\u00e1xima autoridad regional, se comprometi\u00f3 a potenciar nexos con los pueblos originarios maulinos, para as\u00ed apoyar sus emprendimientos y la protecci\u00f3n de sus derechos. En ese sentido, la Corporaci\u00f3n Regional de Desarrollo Productivo (CRDP Maule), en alianza con el Gobierno Regional, apoyar\u00e1n el proceso de asesor\u00edas para las PYMES de las agrupaciones del Parlamento Ind\u00edgena del Maule. Es decir, la CRDP Maule evaluar\u00e1 los requerimientos y el proceso de incorporaci\u00f3n como Grupo de Inter\u00e9s Focalizado (GIF) durante este 2022, para as\u00ed impulsar sus emprendimientos.&nbsp;&nbsp;<\/p>\n\n\n\n<p>En tanto, Iv\u00e1n Lepian, Coordinador de la Consulta Ind\u00edgena de la Convenci\u00f3n Constitucional, dijo que \u201cestamos invitando a la comunidad ind\u00edgena del Maule a participar de la Consulta Ind\u00edgena por una nueva Constituci\u00f3n. Es una participaci\u00f3n in\u00e9dita, donde la Convenci\u00f3n creo una plataforma de participaci\u00f3n ciudadana para las personas ind\u00edgenas y esta participaci\u00f3n se puede dar de tres formas, a trav\u00e9s de encuentros convocados por la Convenci\u00f3n, los encuentros autoconvocados donde y tambi\u00e9n la participaci\u00f3n individual, las que se pueden chequear en la p\u00e1gina de la Convenci\u00f3n, en participaci\u00f3n ciudadana, Consulta Ind\u00edgena&nbsp;&nbsp;<\/p>\n\n\n\n<p>Cabe destacar, que el proceso de consulta se inici\u00f3 el 26 de enero, para luego difundir y convocar desde el 4 de febrero. Los encuentros territoriales se realizan desde el 14 de febrero; mientras que la sistematizaci\u00f3n de la informaci\u00f3n ser\u00e1 desde el 28 de febrero y el 14 de marzo se entregar\u00e1 el informe final.&nbsp;<\/p>\n","protected":false},"excerpt":{"rendered":"<p>En el marco de la elaboraci\u00f3n de la nueva Constituci\u00f3n para Chile, el Gobierno Regional del Maule, colaborar\u00e1 con los Pueblos Originarios maulinos en la construcci\u00f3n de sus propuestas&nbsp; Talca.- Con el fin de apoyar a los Pueblos Originarios de la Convenci\u00f3n Constitucional de la Regi\u00f3n del Maule, la Gobernadora Regional, Cristina Bravo, en conjunto [&hellip;]<\/p>\n","protected":false},"author":3,"featured_media":2803,"comment_status":"open","ping_status":"open","sticky":false,"template":"","format":"standard","meta":{"_lmt_disableupdate":"","_lmt_disable":"","footnotes":""},"categories":[3],"tags":[],"class_list":["post-2802","post","type-post","status-publish","format-standard","has-post-thumbnail","hentry","category-prensa"],"modified_by":null,"_links":{"self":[{"href":"https:\/\/www.goremaule.cl\/goremauleVII\/wp-json\/wp\/v2\/posts\/2802","targetHints":{"allow":["GET"]}}],"collection":[{"href":"https:\/\/www.goremaule.cl\/goremauleVII\/wp-json\/wp\/v2\/posts"}],"about":[{"href":"https:\/\/www.goremaule.cl\/goremauleVII\/wp-json\/wp\/v2\/types\/post"}],"author":[{"embeddable":true,"href":"https:\/\/www.goremaule.cl\/goremauleVII\/wp-json\/wp\/v2\/users\/3"}],"replies":[{"embeddable":true,"href":"https:\/\/www.goremaule.cl\/goremauleVII\/wp-json\/wp\/v2\/comments?post=2802"}],"version-history":[{"count":1,"href":"https:\/\/www.goremaule.cl\/goremauleVII\/wp-json\/wp\/v2\/posts\/2802\/revisions"}],"predecessor-version":[{"id":2804,"href":"https:\/\/www.goremaule.cl\/goremauleVII\/wp-json\/wp\/v2\/posts\/2802\/revisions\/2804"}],"wp:featuredmedia":[{"embeddable":true,"href":"https:\/\/www.goremaule.cl\/goremauleVII\/wp-json\/wp\/v2\/media\/2803"}],"wp:attachment":[{"href":"https:\/\/www.goremaule.cl\/goremauleVII\/wp-json\/wp\/v2\/media?parent=2802"}],"wp:term":[{"taxonomy":"category","embeddable":true,"href":"https:\/\/www.goremaule.cl\/goremauleVII\/wp-json\/wp\/v2\/categories?post=2802"},{"taxonomy":"post_tag","embeddable":true,"href":"https:\/\/www.goremaule.cl\/goremauleVII\/wp-json\/wp\/v2\/tags?post=2802"}],"curies":[{"name":"wp","href":"https:\/\/api.w.org\/{rel}","templated":true}]}}