{"id":2173,"date":"2021-09-27T15:56:56","date_gmt":"2021-09-27T18:56:56","guid":{"rendered":"https:\/\/www.goremaule.cl\/goremauleVII\/?p=2173"},"modified":"2021-09-27T15:56:56","modified_gmt":"2021-09-27T18:56:56","slug":"sector-turismo-de-iloca-solicita-medidas-de-mitigacion-ante-marejadas","status":"publish","type":"post","link":"https:\/\/www.goremaule.cl\/goremauleVII\/2021\/09\/27\/sector-turismo-de-iloca-solicita-medidas-de-mitigacion-ante-marejadas\/","title":{"rendered":"Sector turismo de Iloca solicita medidas de mitigaci\u00f3n ante marejadas"},"content":{"rendered":"\n<p><\/p>\n\n\n\n<ul class=\"wp-block-list\"><li><em>La Gobernadora Regional, Cristina Bravo recibi\u00f3 a la Presidenta de la C\u00e1mara de Turismo y Comercio del Borde Costero Norte del Maule, para conocer las dificultades que han tenido en pandemia entre otros requerimientos<\/em><\/li><\/ul>\n\n\n\n<p>En el marco del D\u00eda Internacional del Turismo, la m\u00e1xima autoridad regional se reuni\u00f3 con la C\u00e1mara de Turismo del Borde Costero Norte del Maule y el Concejal de Iloca V\u00edctor Saavedra para conocer los requerimientos del sector turismo, quienes se han visto tan afectados con la pandemia.<\/p>\n\n\n\n<p>La Gobernadora Regional del Maule, Cristina Bravo, se\u00f1al\u00f3 que \u201cen honor al D\u00eda Mundial del Turismo, nos reunimos con la C\u00e1mara de Turismo del sector de Iloca y la verdad es que ellos lo han pasado p\u00e9simo durante la pandemia, han vivido una crisis muy dura que esperamos que podamos salir luego y nosotros desde el Gobierno Regional vamos a poner todo a disposici\u00f3n para trabajar en conjunto con ellos y con todos los vecinos del sector, porque sabemos que el turismo genera empleo y adem\u00e1s permite mostrar lo lindo de nuestras costas\u201d.<\/p>\n\n\n\n<p>En la ocasi\u00f3n, la C\u00e1mara de Turismo le inform\u00f3 a la Gobernadora acerca de una serie de problemas que se producen debido a las marejadas en la costa.<\/p>\n\n\n\n<p>Cecilia Mardones, Presidenta de la C\u00e1mara de Turismo y Comercio del Borde Costero Norte del Maule, &nbsp;acot\u00f3 que \u201cvenimos a solicitar su apoyo e intervenci\u00f3n ante un problema que se relaciona con los bancos de arena inusuales que han dejado el enrocado que se realiz\u00f3 como obra de mitigaci\u00f3n posterior al terremoto del 27\/F. Hoy en d\u00eda no est\u00e1n cumpliendo con la funci\u00f3n para la que se les instal\u00f3, ya que la arena ya est\u00e1 al mismo nivel de esta roca, las que deb\u00edan cumplir funci\u00f3n de malec\u00f3n. Las aguas sobrepasan estas rocas, da\u00f1ando casas, locales comerciales y sembrad\u00edos, entre otros\u201d.<\/p>\n\n\n\n<p>En ese sentido, la Gobernadora puntualiz\u00f3 que \u201cen el sector al cual se refieren los vecinos, no existe un enrocado muy robusto y si ponen bancos de arenas, \u00e9stos se los lleva constantemente el mar producto de las marejadas y el cambio clim\u00e1tico. Entonces estamos viendo con ellos alg\u00fan proyecto que podamos realizar en conjunto con la Direcci\u00f3n de Obras Portuarias a trav\u00e9s del Ministerio de Obras P\u00fablicas. El Gobierno Regional financia iniciativas, pero \u00e9stas deben ser ingresadas al GORE por los organismos t\u00e9cnicos respectivos\u201d.<\/p>\n","protected":false},"excerpt":{"rendered":"<p>La Gobernadora Regional, Cristina Bravo recibi\u00f3 a la Presidenta de la C\u00e1mara de Turismo y Comercio del Borde Costero Norte del Maule, para conocer las dificultades que han tenido en pandemia entre otros requerimientos En el marco del D\u00eda Internacional del Turismo, la m\u00e1xima autoridad regional se reuni\u00f3 con la C\u00e1mara de Turismo del Borde [&hellip;]<\/p>\n","protected":false},"author":3,"featured_media":2174,"comment_status":"open","ping_status":"open","sticky":false,"template":"","format":"standard","meta":{"_lmt_disableupdate":"","_lmt_disable":"","footnotes":""},"categories":[3],"tags":[],"class_list":["post-2173","post","type-post","status-publish","format-standard","has-post-thumbnail","hentry","category-prensa"],"modified_by":null,"_links":{"self":[{"href":"https:\/\/www.goremaule.cl\/goremauleVII\/wp-json\/wp\/v2\/posts\/2173","targetHints":{"allow":["GET"]}}],"collection":[{"href":"https:\/\/www.goremaule.cl\/goremauleVII\/wp-json\/wp\/v2\/posts"}],"about":[{"href":"https:\/\/www.goremaule.cl\/goremauleVII\/wp-json\/wp\/v2\/types\/post"}],"author":[{"embeddable":true,"href":"https:\/\/www.goremaule.cl\/goremauleVII\/wp-json\/wp\/v2\/users\/3"}],"replies":[{"embeddable":true,"href":"https:\/\/www.goremaule.cl\/goremauleVII\/wp-json\/wp\/v2\/comments?post=2173"}],"version-history":[{"count":1,"href":"https:\/\/www.goremaule.cl\/goremauleVII\/wp-json\/wp\/v2\/posts\/2173\/revisions"}],"predecessor-version":[{"id":2175,"href":"https:\/\/www.goremaule.cl\/goremauleVII\/wp-json\/wp\/v2\/posts\/2173\/revisions\/2175"}],"wp:featuredmedia":[{"embeddable":true,"href":"https:\/\/www.goremaule.cl\/goremauleVII\/wp-json\/wp\/v2\/media\/2174"}],"wp:attachment":[{"href":"https:\/\/www.goremaule.cl\/goremauleVII\/wp-json\/wp\/v2\/media?parent=2173"}],"wp:term":[{"taxonomy":"category","embeddable":true,"href":"https:\/\/www.goremaule.cl\/goremauleVII\/wp-json\/wp\/v2\/categories?post=2173"},{"taxonomy":"post_tag","embeddable":true,"href":"https:\/\/www.goremaule.cl\/goremauleVII\/wp-json\/wp\/v2\/tags?post=2173"}],"curies":[{"name":"wp","href":"https:\/\/api.w.org\/{rel}","templated":true}]}}