{"id":15833,"date":"2026-08-31T13:50:25","date_gmt":"2026-08-31T17:50:25","guid":{"rendered":"https:\/\/www.goremaule.cl\/goremauleVII\/?p=15833"},"modified":"2026-08-31T13:50:34","modified_gmt":"2026-08-31T17:50:34","slug":"todos-invitados-fiesta-del-chancho-de-curtiduria-celebra-20-anos-con-lo-mejor-de-nuestras-tradiciones","status":"publish","type":"post","link":"https:\/\/www.goremaule.cl\/goremauleVII\/2026\/08\/31\/todos-invitados-fiesta-del-chancho-de-curtiduria-celebra-20-anos-con-lo-mejor-de-nuestras-tradiciones\/","title":{"rendered":"\u00a1Todos invitados! Fiesta del Chancho de Curtidur\u00eda celebra 20 a\u00f1os con lo mejor de nuestras tradiciones"},"content":{"rendered":"\n<p><\/p>\n\n\n\n<ul class=\"wp-block-list\">\n<li><em>La tradicional Fiesta del Chancho de Curtidur\u00eda prepara una nueva versi\u00f3n en Pencahue este s\u00e1bado 5 de septiembre, con gastronom\u00eda t\u00edpica, folclore, artesan\u00eda y actividades para toda la familia. El gobernador del Maule, Pedro Pablo \u00c1lvarez-Salamanca, particip\u00f3 en su lanzamiento y destac\u00f3 la importancia de seguir respaldando iniciativas que fortalecen la identidad de las comunas de la regi\u00f3n<\/em><\/li>\n<\/ul>\n\n\n\n<p>Con sabores, m\u00fasica y tradiciones que han pasado de generaci\u00f3n en generaci\u00f3n, se realiz\u00f3 el lanzamiento de una nueva versi\u00f3n de la Fiesta del Chancho de Curtidur\u00eda, celebraci\u00f3n que este a\u00f1o alcanza un hito especial: 20 a\u00f1os poniendo en valor la identidad y las costumbres de esta localidad de Pencahue.<\/p>\n\n\n\n<p>El Gobernador del Maule, Pedro Pablo \u00c1lvarez-Salamanca, junto al alcalde de Pencahue, Jos\u00e9 Miguel Tobar y Berta Rojas, Presidenta de EVENCURT, realizaron el Lanzamiento de la fiesta que durante dos d\u00e9cadas se ha convertido en un espacio de encuentro para la comunidad y quienes llegan desde distintos puntos a disfrutar de las tradiciones del mundo rural.<\/p>\n\n\n\n<p>El Gobernador Pedro Pablo \u00c1lvarez-Salamanca, se\u00f1al\u00f3 que \u201cLa verdad es que estamos muy contentos de poder acompa\u00f1ar a la gente de Curtidur\u00eda, una localidad t\u00edpica y huasa, por donde adem\u00e1s pasa nuestro querido Ramal Talca-Constituci\u00f3n, y poder darle a\u00fan m\u00e1s valor a una celebraci\u00f3n tan importante como es la Fiesta del Chancho de Curtidur\u00eda. Como Gobierno Regional estamos felices de poder apoyar una vez m\u00e1s esta fiesta, as\u00ed como tambi\u00e9n lo hemos hecho con distintas celebraciones en las comunas del Maule, porque somos una regi\u00f3n de campo, con una fuerte identidad rural y con tradiciones que tenemos que cuidar y mantener vivas\u201d.<\/p>\n\n\n\n<p>La celebraci\u00f3n se realizar\u00e1 en la Cancha del Club Deportivo Lautaro, en Curtidur\u00eda, con entrada liberada y una programaci\u00f3n que contempla comidas t\u00edpicas, artesan\u00eda, folclore en vivo y distintas expresiones de la cultura local.<\/p>\n\n\n\n<p>El Alcalde de Pencahue, Jos\u00e9 Miguel Tobar dijo, que \u201cestamos muy agradecidos por la asignaci\u00f3n de estos recursos por parte del Gobierno Regional, porque sin este apoyo ser\u00eda muy dif\u00edcil para la organizaci\u00f3n realizar una fiesta que ya cumple 20 a\u00f1os de historia. As\u00ed que queremos invitar a todas las familias de la Regi\u00f3n del Maule y de sectores aleda\u00f1os a que nos visiten este s\u00e1bado, que vengan a Curtidur\u00eda y disfruten junto a nosotros de esta celebraci\u00f3n que durante 20 a\u00f1os ha mantenido vivas nuestras tradiciones\u201d.<\/p>\n\n\n\n<p>Uno de los protagonistas de esta fiesta ser\u00e1 nuevamente el tradicional arrollado de huaso. Precisamente, durante el lanzamiento se realiz\u00f3 una peque\u00f1a muestra de su preparaci\u00f3n, acercando a los asistentes a uno de los sabores caracter\u00edsticos de esta celebraci\u00f3n y de la gastronom\u00eda rural maulina.<\/p>\n\n\n\n<p>Berta Rojas, presidenta de EVENCURT, a\u00f1adi\u00f3 que \u201cestamos felices de estar nuevamente iniciando nuestra Fiesta del Chancho, que este a\u00f1o cumple 20 a\u00f1os conservando nuestras tradiciones, especialmente nuestra gastronom\u00eda y la forma en que preparamos esta feria, que es totalmente aut\u00e9ntica\u201d.<\/p>\n\n\n\n<p>En la actividad estuvieron presentes los consejeros regionales, Paola Guajardo, Gaby Fuentes, Raphael Z\u00fa\u00f1iga y Gonzalo Montero, adem\u00e1s de los Concejales, Sebasti\u00e1n Novoa y Jos\u00e9 Correa.<\/p>\n\n\n\n<p>La programaci\u00f3n art\u00edstica contar\u00e1 con la participaci\u00f3n de Carmencita Vald\u00e9s, Grupo Corcol\u00e9n de Pencahue, Daniel V\u00e9liz, D\u00fao Folcl\u00f3rico Coir\u00f3n, Grupo Sauzal de Talca y Banda La Trueca, quienes ser\u00e1n parte de una jornada que busca reunir a las familias y seguir proyectando una tradici\u00f3n que ya cumple dos d\u00e9cadas.<\/p>\n\n\n\n<p>Adem\u00e1s de preservar las costumbres locales, la Fiesta del Chancho de Curtidur\u00eda representa una oportunidad para atraer visitantes, fortalecer la econom\u00eda local y visibilizar el trabajo de emprendedores, artesanos y organizaciones del territorio, manteniendo viva una celebraci\u00f3n que ya forma parte de la identidad de Pencahue.<\/p>\n","protected":false},"excerpt":{"rendered":"<p>Con sabores, m\u00fasica y tradiciones que han pasado de generaci\u00f3n en generaci\u00f3n, se realiz\u00f3 el lanzamiento de una nueva versi\u00f3n de la Fiesta del Chancho de Curtidur\u00eda, celebraci\u00f3n que este a\u00f1o alcanza un hito especial: 20 a\u00f1os poniendo en valor la identidad y las costumbres de esta localidad de Pencahue. El Gobernador del Maule, Pedro [&hellip;]<\/p>\n","protected":false},"author":3,"featured_media":15834,"comment_status":"open","ping_status":"open","sticky":false,"template":"","format":"standard","meta":{"_lmt_disableupdate":"","_lmt_disable":"","footnotes":""},"categories":[3],"tags":[],"class_list":["post-15833","post","type-post","status-publish","format-standard","has-post-thumbnail","hentry","category-prensa"],"modified_by":"Dominic Mellado","_links":{"self":[{"href":"https:\/\/www.goremaule.cl\/goremauleVII\/wp-json\/wp\/v2\/posts\/15833","targetHints":{"allow":["GET"]}}],"collection":[{"href":"https:\/\/www.goremaule.cl\/goremauleVII\/wp-json\/wp\/v2\/posts"}],"about":[{"href":"https:\/\/www.goremaule.cl\/goremauleVII\/wp-json\/wp\/v2\/types\/post"}],"author":[{"embeddable":true,"href":"https:\/\/www.goremaule.cl\/goremauleVII\/wp-json\/wp\/v2\/users\/3"}],"replies":[{"embeddable":true,"href":"https:\/\/www.goremaule.cl\/goremauleVII\/wp-json\/wp\/v2\/comments?post=15833"}],"version-history":[{"count":1,"href":"https:\/\/www.goremaule.cl\/goremauleVII\/wp-json\/wp\/v2\/posts\/15833\/revisions"}],"predecessor-version":[{"id":15835,"href":"https:\/\/www.goremaule.cl\/goremauleVII\/wp-json\/wp\/v2\/posts\/15833\/revisions\/15835"}],"wp:featuredmedia":[{"embeddable":true,"href":"https:\/\/www.goremaule.cl\/goremauleVII\/wp-json\/wp\/v2\/media\/15834"}],"wp:attachment":[{"href":"https:\/\/www.goremaule.cl\/goremauleVII\/wp-json\/wp\/v2\/media?parent=15833"}],"wp:term":[{"taxonomy":"category","embeddable":true,"href":"https:\/\/www.goremaule.cl\/goremauleVII\/wp-json\/wp\/v2\/categories?post=15833"},{"taxonomy":"post_tag","embeddable":true,"href":"https:\/\/www.goremaule.cl\/goremauleVII\/wp-json\/wp\/v2\/tags?post=15833"}],"curies":[{"name":"wp","href":"https:\/\/api.w.org\/{rel}","templated":true}]}}