{"id":11459,"date":"2025-05-30T17:11:12","date_gmt":"2025-05-30T21:11:12","guid":{"rendered":"https:\/\/www.goremaule.cl\/goremauleVII\/?p=11459"},"modified":"2025-05-30T17:11:12","modified_gmt":"2025-05-30T21:11:12","slug":"gobernador-rindio-cuenta-publica-2024-proyectando-avances-en-salud-seguridad-transporte-paso-pehuenche-y-aeropuerto-de-carga","status":"publish","type":"post","link":"https:\/\/www.goremaule.cl\/goremauleVII\/2025\/05\/30\/gobernador-rindio-cuenta-publica-2024-proyectando-avances-en-salud-seguridad-transporte-paso-pehuenche-y-aeropuerto-de-carga\/","title":{"rendered":"Gobernador rindi\u00f3 Cuenta P\u00fablica 2024 proyectando avances en salud, seguridad, transporte, Paso Pehuenche y aeropuerto de carga"},"content":{"rendered":"\n<p><em>\u201cQueremos una regi\u00f3n donde las oportunidades lleguen a todos los rincones, a nuestros agricultores, a nuestros forestales, nuestros pescadores, y a todos los maulinos en general. Para eso, necesitamos seguir trabajando con unidad\u201d, destac\u00f3 el gobernador \u00c1lvarez-Salamanca en su discurso.<\/em><\/p>\n\n\n\n<p><strong>TALCA, REGI\u00d3N DEL MAULE.-<\/strong> En una solemne ceremonia realizada en el marco de un consejo extraordinario, el gobernador regional del Maule y presidente del Consejo Regional, Pedro Pablo \u00c1lvarez-Salamanca, encabez\u00f3 la \u201cCuenta P\u00fablica: Gesti\u00f3n 2024\u201d, donde present\u00f3 los principales avances y proyecciones de su administraci\u00f3n.<\/p>\n\n\n\n<p>El evento cont\u00f3 con la participaci\u00f3n de los 20 consejeros regionales y otras autoridades, entre ellas el delegado presidencial regional, Humberto Aqueveque, en representaci\u00f3n del Gobierno Central; parlamentarios; la directiva de la Asociaci\u00f3n de Municipalidades Urbanas y Rurales del Maule: los ediles de R\u00edo Claro, Am\u00e9rico Guajardo; Licant\u00e9n, Claudio Reyes; y Retiro, Rafael Ram\u00edrez; miembros del Consejo de la Sociedad Civil (COSOC); representantes de la Alianza Pesca Maule; y deportistas destacados de la zona.<\/p>\n\n\n\n<p>Durante su exposici\u00f3n, el gobernador destac\u00f3 que la ejecuci\u00f3n presupuestaria del 2024 alcanz\u00f3 los 90 mil millones de pesos (ejecutando el 98% del total asignado) y se aprobaron 936 proyectos distribuidos en las 30 comunas de la Regi\u00f3n del Maule. Subray\u00f3 que, aunque la cuenta p\u00fablica corresponde a la administraci\u00f3n anterior, existe una hoja de ruta clara para los pr\u00f3ximos tres a\u00f1os.<\/p>\n\n\n\n<p>\u201cHemos cumplido con el mandato legal de rendir cuenta a la ciudadan\u00eda. Estamos satisfechos con lo logrado, pero conscientes de los grandes desaf\u00edos que vienen. Si bien esta cuenta corresponde a la gesti\u00f3n 2024, nosotros ya estamos trabajando intensamente para los pr\u00f3ximos a\u00f1os\u201d, afirm\u00f3 el gobernador \u00c1lvarez-Salamanca.<\/p>\n\n\n\n<p>Entre los ejes estrat\u00e9gicos destacados por la autoridad regional se encuentra la salud, especialmente para reducir las listas de espera mediante convenios de intervenciones quir\u00fargicas en traumatolog\u00eda y oftalmolog\u00eda.<\/p>\n\n\n\n<p>En materia de seguridad, destac\u00f3 la implementaci\u00f3n del Sistema Integrado de Teleprotecci\u00f3n con Inteligencia Artificial (SITIA), que permitir\u00e1 integrar c\u00e1maras de seguridad de toda la regi\u00f3n para una vigilancia m\u00e1s eficiente, proyectando su operatividad a partir de marzo del pr\u00f3ximo a\u00f1o. Adem\u00e1s, en materia de transportes, inform\u00f3 sobre la inversi\u00f3n en electromovilidad para fortalecer a las comunas de Curic\u00f3, Talca y Linares.<\/p>\n\n\n\n<p>Asimismo, puso \u00e9nfasis en potenciar los v\u00ednculos binacionales con Argentina, especialmente mediante el impulso del Paso Internacional Pehuenche, y destac\u00f3 su compromiso con el proyecto de un aeropuerto de carga para la regi\u00f3n y la implementaci\u00f3n de la Feria Binacional del Vino.<\/p>\n\n\n\n<p>\u201cRespecto al Paso Pehuenche, estamos inyectando recursos porque creemos que va a ser un polo de desarrollo importante para nuestra Regi\u00f3n del Maule, no tan solo en materia comercial, sino tambi\u00e9n tur\u00edstica (\u2026). Este a\u00f1o tambi\u00e9n queremos mejorar y disminuir las listas de espera en traumatolog\u00eda y oftalmolog\u00eda, que son dos patolog\u00edas muy presentes en nuestra regi\u00f3n (\u2026). En materia de seguridad queremos disponer de todas las tecnolog\u00edas posibles, donde trabajaremos con inteligencia artificial en el proyecto SITIA\u201d, enfatiz\u00f3 la m\u00e1xima autoridad regional.<\/p>\n\n\n\n<p><strong>Reacci\u00f3n de las autoridades<\/strong><\/p>\n\n\n\n<p>Senador Juan Antonio Coloma: \u201cMe parece muy valioso que el gobernador haya sido claro al explicar que esta cuenta p\u00fablica corresponde a una gesti\u00f3n anterior, pero que ya tiene claras sus prioridades. Destaco especialmente el foco en seguridad, con nuevas c\u00e1maras y una escuela de Carabineros, la reducci\u00f3n de listas de espera en salud, y el impulso al mundo agr\u00edcola y pesquero. Son medidas concretas, con plazos claros, que apuntan a lo que realmente importa: fortalecer la seguridad, mejorar la salud y dignificar la vida rural\u201d.<\/p>\n\n\n\n<p>Senadora Paulina Vodanovic: \u201cLa cuenta p\u00fablica del gobernador muestra transparencia y compromiso, algo fundamental en tiempos de desconfianza. Valoro su actitud, especialmente considerando su situaci\u00f3n personal. Como senadora del Maule, reafirmo mi apoyo con el Gobierno Regional para recuperar los 27 mil millones de pesos recortados del presupuesto y avanzar en proyectos clave como salud, listas de espera y transporte escolar rural. Tambi\u00e9n respaldo el proyecto de una nueva escuela de formaci\u00f3n de Carabineros en la regi\u00f3n, porque la seguridad requiere inversi\u00f3n, formaci\u00f3n y trabajo conjunto entre autoridades\u201d.<\/p>\n\n\n\n<p>George Bordachar, alcalde de Curic\u00f3: \u201cComo dijo el gobernador, cumplir con la ley es clave, pero lo m\u00e1s importante es mirar al futuro. En Curic\u00f3 fuimos beneficiados con la remodelaci\u00f3n del estadio La Granja, y hemos trabajado en conjunto. Hay muchos desaf\u00edos y proyectos por delante, y desde la municipalidad seguiremos apoyando. Felicito al gobernador por su cuenta p\u00fablica y expreso mi solidaridad con \u00e9l en este momento, confiando en que seguir\u00e1 trabajando por todas las comunas de la regi\u00f3n\u201d.<\/p>\n\n\n\n<p>Williams Mattamala, deportista paral\u00edmpico: \u201cMuy contento de haber participado por primera vez en una cuenta p\u00fablica. Fue emocionante ver el apoyo que se viene para el deporte. Agradezco profundamente la gesti\u00f3n del gobernador, que me ha brindado un impulso clave para seguir entrenando. Gracias a ese apoyo, retomo mi motivaci\u00f3n y en junio viajar\u00e9 a Guadalajara para buscar la marca que me lleve al Mundial de Singapur en septiembre\u201d.<\/p>\n","protected":false},"excerpt":{"rendered":"<p>\u201cQueremos una regi\u00f3n donde las oportunidades lleguen a todos los rincones, a nuestros agricultores, a nuestros forestales, nuestros pescadores, y a todos los maulinos en general. Para eso, necesitamos seguir trabajando con unidad\u201d, destac\u00f3 el gobernador \u00c1lvarez-Salamanca en su discurso. TALCA, REGI\u00d3N DEL MAULE.- En una solemne ceremonia realizada en el marco de un consejo [&hellip;]<\/p>\n","protected":false},"author":3,"featured_media":11460,"comment_status":"open","ping_status":"open","sticky":false,"template":"","format":"standard","meta":{"_lmt_disableupdate":"","_lmt_disable":"","footnotes":""},"categories":[3],"tags":[],"class_list":["post-11459","post","type-post","status-publish","format-standard","has-post-thumbnail","hentry","category-prensa"],"modified_by":null,"_links":{"self":[{"href":"https:\/\/www.goremaule.cl\/goremauleVII\/wp-json\/wp\/v2\/posts\/11459","targetHints":{"allow":["GET"]}}],"collection":[{"href":"https:\/\/www.goremaule.cl\/goremauleVII\/wp-json\/wp\/v2\/posts"}],"about":[{"href":"https:\/\/www.goremaule.cl\/goremauleVII\/wp-json\/wp\/v2\/types\/post"}],"author":[{"embeddable":true,"href":"https:\/\/www.goremaule.cl\/goremauleVII\/wp-json\/wp\/v2\/users\/3"}],"replies":[{"embeddable":true,"href":"https:\/\/www.goremaule.cl\/goremauleVII\/wp-json\/wp\/v2\/comments?post=11459"}],"version-history":[{"count":1,"href":"https:\/\/www.goremaule.cl\/goremauleVII\/wp-json\/wp\/v2\/posts\/11459\/revisions"}],"predecessor-version":[{"id":11461,"href":"https:\/\/www.goremaule.cl\/goremauleVII\/wp-json\/wp\/v2\/posts\/11459\/revisions\/11461"}],"wp:featuredmedia":[{"embeddable":true,"href":"https:\/\/www.goremaule.cl\/goremauleVII\/wp-json\/wp\/v2\/media\/11460"}],"wp:attachment":[{"href":"https:\/\/www.goremaule.cl\/goremauleVII\/wp-json\/wp\/v2\/media?parent=11459"}],"wp:term":[{"taxonomy":"category","embeddable":true,"href":"https:\/\/www.goremaule.cl\/goremauleVII\/wp-json\/wp\/v2\/categories?post=11459"},{"taxonomy":"post_tag","embeddable":true,"href":"https:\/\/www.goremaule.cl\/goremauleVII\/wp-json\/wp\/v2\/tags?post=11459"}],"curies":[{"name":"wp","href":"https:\/\/api.w.org\/{rel}","templated":true}]}}