{"id":11444,"date":"2025-05-28T10:52:54","date_gmt":"2025-05-28T14:52:54","guid":{"rendered":"https:\/\/www.goremaule.cl\/goremauleVII\/?p=11444"},"modified":"2025-05-28T10:52:54","modified_gmt":"2025-05-28T14:52:54","slug":"nuevo-rostro-para-la-justicia-gobierno-regional-inauguro-moderno-edificio-del-servicio-medico-legal-para-el-maule","status":"publish","type":"post","link":"https:\/\/www.goremaule.cl\/goremauleVII\/2025\/05\/28\/nuevo-rostro-para-la-justicia-gobierno-regional-inauguro-moderno-edificio-del-servicio-medico-legal-para-el-maule\/","title":{"rendered":"Nuevo rostro para la Justicia: Gobierno Regional inaugur\u00f3 moderno edificio del Servicio M\u00e9dico Legal para el Maule"},"content":{"rendered":"\n<p><em>El gobernador Pedro Pablo \u00c1lvarez-Salamanca enfatiz\u00f3 su compromiso con la justicia y relev\u00f3 la importancia de contar con un servicio de calidad en beneficio de todos los habitantes de la Regi\u00f3n del Maule.<\/em><\/p>\n\n\n\n<p><strong>TALCA.- <\/strong>Contar con infraestructura moderna, funcional y equipamiento especializado, el Gobierno Regional del Maule realiz\u00f3 la inauguraci\u00f3n oficial del nuevo edificio del Servicio M\u00e9dico Legal para la regi\u00f3n, cumpliendo su compromiso con la justicia.<\/p>\n\n\n\n<p>Con una inversi\u00f3n de 4 mil 255 millones de pesos, esta iniciativa busca mejorar de manera sustancial las condiciones operativas, t\u00e9cnicas y de atenci\u00f3n del SML, en l\u00ednea con los est\u00e1ndares establecidos por la Reforma Procesal Penal y los procesos de modernizaci\u00f3n del sistema judicial chileno.<\/p>\n\n\n\n<p>\u201cEstamos muy contentos como Gobierno del Maule de poder facilitar estos espacios para el crecimiento y desarrollo de nuestra regi\u00f3n. Sabemos que durante muchos a\u00f1os distintas unidades del Servicio M\u00e9dico Legal funcionaron en lugares distintos. Hoy todo queda integrado en este edificio muy moderno, gracias a esta inversi\u00f3n de m\u00e1s de cuatro mil millones de pesos\u201d, se\u00f1al\u00f3 la m\u00e1xima autoridad regional.<\/p>\n\n\n\n<p>Por su parte, el ministro de Justicia y Derechos Humanos, Jaime Gajardo, sostuvo: \u201cAgradecer al Gobierno Regional porque esta inauguraci\u00f3n es clave para el SML, pero es fundamental para nuestro sistema de justicia. Con esto, el servicio cuenta con instalaciones, capacidades tecnol\u00f3gicas y profesionales adecuadas, lo que se traduce en un avance significativo y una oportunidad para mejorar la justicia\u201d.<\/p>\n\n\n\n<p>Cabe destacar que la actividad cont\u00f3 con la asistencia del gobernador regional (S) y administrador regional, Luis Verdejo, la directora nacional del Servicio M\u00e9dico Legal, Marisol Prado, el diputado Jorge Guzm\u00e1n y el consejero Pablo Guti\u00e9rrez.<\/p>\n\n\n\n<p>Respecto a los aspectos t\u00e9cnicos, el nuevo edificio cuenta con una superficie construida de 1.497 metros cuadrados, distribuida en dos niveles con \u00e1reas destinadas a cl\u00ednica, tanatolog\u00eda, salud mental, docencia, administraci\u00f3n y laboratorios especializados de alcoholemia y bioqu\u00edmica criminal\u00edstica.<\/p>\n","protected":false},"excerpt":{"rendered":"<p>El gobernador Pedro Pablo \u00c1lvarez-Salamanca enfatiz\u00f3 su compromiso con la justicia y relev\u00f3 la importancia de contar con un servicio de calidad en beneficio de todos los habitantes de la Regi\u00f3n del Maule. TALCA.- Contar con infraestructura moderna, funcional y equipamiento especializado, el Gobierno Regional del Maule realiz\u00f3 la inauguraci\u00f3n oficial del nuevo edificio del [&hellip;]<\/p>\n","protected":false},"author":3,"featured_media":11445,"comment_status":"open","ping_status":"open","sticky":false,"template":"","format":"standard","meta":{"_lmt_disableupdate":"","_lmt_disable":"","footnotes":""},"categories":[3],"tags":[],"class_list":["post-11444","post","type-post","status-publish","format-standard","has-post-thumbnail","hentry","category-prensa"],"modified_by":null,"_links":{"self":[{"href":"https:\/\/www.goremaule.cl\/goremauleVII\/wp-json\/wp\/v2\/posts\/11444","targetHints":{"allow":["GET"]}}],"collection":[{"href":"https:\/\/www.goremaule.cl\/goremauleVII\/wp-json\/wp\/v2\/posts"}],"about":[{"href":"https:\/\/www.goremaule.cl\/goremauleVII\/wp-json\/wp\/v2\/types\/post"}],"author":[{"embeddable":true,"href":"https:\/\/www.goremaule.cl\/goremauleVII\/wp-json\/wp\/v2\/users\/3"}],"replies":[{"embeddable":true,"href":"https:\/\/www.goremaule.cl\/goremauleVII\/wp-json\/wp\/v2\/comments?post=11444"}],"version-history":[{"count":1,"href":"https:\/\/www.goremaule.cl\/goremauleVII\/wp-json\/wp\/v2\/posts\/11444\/revisions"}],"predecessor-version":[{"id":11446,"href":"https:\/\/www.goremaule.cl\/goremauleVII\/wp-json\/wp\/v2\/posts\/11444\/revisions\/11446"}],"wp:featuredmedia":[{"embeddable":true,"href":"https:\/\/www.goremaule.cl\/goremauleVII\/wp-json\/wp\/v2\/media\/11445"}],"wp:attachment":[{"href":"https:\/\/www.goremaule.cl\/goremauleVII\/wp-json\/wp\/v2\/media?parent=11444"}],"wp:term":[{"taxonomy":"category","embeddable":true,"href":"https:\/\/www.goremaule.cl\/goremauleVII\/wp-json\/wp\/v2\/categories?post=11444"},{"taxonomy":"post_tag","embeddable":true,"href":"https:\/\/www.goremaule.cl\/goremauleVII\/wp-json\/wp\/v2\/tags?post=11444"}],"curies":[{"name":"wp","href":"https:\/\/api.w.org\/{rel}","templated":true}]}}