{"id":11412,"date":"2025-05-19T17:48:39","date_gmt":"2025-05-19T21:48:39","guid":{"rendered":"https:\/\/www.goremaule.cl\/goremauleVII\/?p=11412"},"modified":"2025-05-19T17:48:39","modified_gmt":"2025-05-19T21:48:39","slug":"tras-recorte-de-mas-de-10-mil-millones-gobernador-convoco-a-los-30-alcaldes-para-presentar-la-realidad-presupuestaria-del-gore","status":"publish","type":"post","link":"https:\/\/www.goremaule.cl\/goremauleVII\/2025\/05\/19\/tras-recorte-de-mas-de-10-mil-millones-gobernador-convoco-a-los-30-alcaldes-para-presentar-la-realidad-presupuestaria-del-gore\/","title":{"rendered":"Tras recorte de m\u00e1s de $10 mil millones: gobernador convoc\u00f3 a los 30 alcaldes para presentar la realidad presupuestaria del GORE"},"content":{"rendered":"\n<p><em>En el auditorio del Gobierno Regional del Maule, el gobernador Pedro Pablo \u00c1lvarez-Salamanca lider\u00f3 el importante encuentro con los jefes comunales para informar sobre la realidad presupuestaria, especialmente por los \u00faltimos recortes fiscales, de emergencia y traspasos a CONAF.<\/em><\/p>\n\n\n\n<p>TALCA.- Con el objetivo de transparentar el estado actual del presupuesto del Fondo Nacional de Desarrollo Regional 2025, y reforzar el trabajo conjunto con los municipios, el gobernador regional del Maule, Pedro Pablo \u00c1lvarez-Salamanca, encabez\u00f3 una importante reuni\u00f3n con los alcaldes de las 30 comunas de la regi\u00f3n, sus respectivos secretarios comunales de planificaci\u00f3n (SECPLAN) y los consejeros regionales.<\/p>\n\n\n\n<p>Durante el encuentro, se expuso en detalle la situaci\u00f3n presupuestaria del Gobierno Regional del Maule, que inici\u00f3 el a\u00f1o con $119 mil millones aprobados por la Ley de Presupuestos 2025, sin embargo, tras los \u00faltimos recortes, actualmente no supera los $103 mil millones.<\/p>\n\n\n\n<p>\u201cMe quedo con una muy buena impresi\u00f3n, donde contamos con la presencia de casi todos los alcaldes con una excelente disposici\u00f3n. Hemos dicho que la situaci\u00f3n presupuestaria es compleja, no solo a nivel regional, sino tambi\u00e9n a nivel pa\u00eds. Las bajas en la recaudaci\u00f3n nacional y los recortes de presupuesto desde el nivel central, que ya superan los 10 mil millones de pesos, son inaceptables y afectan directamente la inversi\u00f3n en las comunas\u201d, valor\u00f3 la m\u00e1xima autoridad de la regi\u00f3n respecto a la alta convocatoria y el compromiso demostrado por los jefes comunales.<\/p>\n\n\n\n<p>En ese sentido, el gobernador fue enf\u00e1tico en se\u00f1alar que el Gobierno Regional no aceptar\u00e1 nuevas rebajas presupuestarias, ya que impactan negativamente en la comunidad y en los planes de desarrollo de los municipios. \u201cNo vamos a aguantar ning\u00fan tipo de rebaja presupuestaria m\u00e1s, porque eso va en desmedro de nuestros alcaldes y de nuestros habitantes de la Regi\u00f3n del Maule\u201d, recalc\u00f3.<\/p>\n\n\n\n<p>El gobernador regional reiter\u00f3 su compromiso con la gesti\u00f3n territorial y asegur\u00f3 que se est\u00e1n explorando todos los mecanismos posibles para permitir que los municipios puedan seguir desarrollando proyectos que impacten positivamente en la calidad de vida de los maulinos.<\/p>\n\n\n\n<p>Por su parte, el alcalde de R\u00edo Claro y presidente de la Asociaci\u00f3n de Municipalidades Rurales y Urbanas, Am\u00e9rico Guajardo, indic\u00f3 que \u201cestas mesas de di\u00e1logo sirven para poder conocer la realidad del Gobierno Regional, los municipios y resolver, que es lo importante. La intenci\u00f3n es ajustarnos por parte de los alcaldes y tambi\u00e9n por nuestro gobernador. Llegamos con nuestras propuestas, fueron acordadas, escuchadas y bien atendidas. Dado que los acuerdos ya est\u00e1n establecidos. Y en eso tambi\u00e9n vamos a colaborar nosotros como municipio para poder sacar hoy d\u00eda las inversiones adelante\u201d.<\/p>\n\n\n\n<p>Por otro lado, y con respecto a las propuestas de los municipios, la m\u00e1xima autoridad regional, reiter\u00f3 su compromiso de continuar trabajando para que las comunas puedan ejecutar sus proyectos m\u00e1s emblem\u00e1ticos, y destac\u00f3 que, pese a las dificultades, existe una programaci\u00f3n financiera clara para este a\u00f1o y una cartera robusta en ejecuci\u00f3n. \u201cLes mostramos una programaci\u00f3n del 2025 que es bastante abundante. De manera que hoy, los 30 municipios, tienen proyectos en ejecuci\u00f3n y tienen un tema presupuestario que ya est\u00e1 conversado y se est\u00e1 ejecutando. Lo que queda pendiente van a ser proyectos nuevos, pero eso lo estamos solucionando. Queremos asegurarle a toda la comunidad que, pesar de toda esta estrechez econ\u00f3mica, estamos avanzando y el Gobierno del Maule sigue trabajando por la gente\u201d, finaliz\u00f3 \u00c1lvarez-Salamanca.<\/p>\n","protected":false},"excerpt":{"rendered":"<p>En el auditorio del Gobierno Regional del Maule, el gobernador Pedro Pablo \u00c1lvarez-Salamanca lider\u00f3 el importante encuentro con los jefes comunales para informar sobre la realidad presupuestaria, especialmente por los \u00faltimos recortes fiscales, de emergencia y traspasos a CONAF. TALCA.- Con el objetivo de transparentar el estado actual del presupuesto del Fondo Nacional de Desarrollo [&hellip;]<\/p>\n","protected":false},"author":3,"featured_media":11413,"comment_status":"open","ping_status":"open","sticky":false,"template":"","format":"standard","meta":{"_lmt_disableupdate":"","_lmt_disable":"","footnotes":""},"categories":[3],"tags":[],"class_list":["post-11412","post","type-post","status-publish","format-standard","has-post-thumbnail","hentry","category-prensa"],"modified_by":null,"_links":{"self":[{"href":"https:\/\/www.goremaule.cl\/goremauleVII\/wp-json\/wp\/v2\/posts\/11412","targetHints":{"allow":["GET"]}}],"collection":[{"href":"https:\/\/www.goremaule.cl\/goremauleVII\/wp-json\/wp\/v2\/posts"}],"about":[{"href":"https:\/\/www.goremaule.cl\/goremauleVII\/wp-json\/wp\/v2\/types\/post"}],"author":[{"embeddable":true,"href":"https:\/\/www.goremaule.cl\/goremauleVII\/wp-json\/wp\/v2\/users\/3"}],"replies":[{"embeddable":true,"href":"https:\/\/www.goremaule.cl\/goremauleVII\/wp-json\/wp\/v2\/comments?post=11412"}],"version-history":[{"count":1,"href":"https:\/\/www.goremaule.cl\/goremauleVII\/wp-json\/wp\/v2\/posts\/11412\/revisions"}],"predecessor-version":[{"id":11414,"href":"https:\/\/www.goremaule.cl\/goremauleVII\/wp-json\/wp\/v2\/posts\/11412\/revisions\/11414"}],"wp:featuredmedia":[{"embeddable":true,"href":"https:\/\/www.goremaule.cl\/goremauleVII\/wp-json\/wp\/v2\/media\/11413"}],"wp:attachment":[{"href":"https:\/\/www.goremaule.cl\/goremauleVII\/wp-json\/wp\/v2\/media?parent=11412"}],"wp:term":[{"taxonomy":"category","embeddable":true,"href":"https:\/\/www.goremaule.cl\/goremauleVII\/wp-json\/wp\/v2\/categories?post=11412"},{"taxonomy":"post_tag","embeddable":true,"href":"https:\/\/www.goremaule.cl\/goremauleVII\/wp-json\/wp\/v2\/tags?post=11412"}],"curies":[{"name":"wp","href":"https:\/\/api.w.org\/{rel}","templated":true}]}}