{"id":11356,"date":"2025-05-08T13:14:11","date_gmt":"2025-05-08T17:14:11","guid":{"rendered":"https:\/\/www.goremaule.cl\/goremauleVII\/?p=11356"},"modified":"2025-05-08T13:14:11","modified_gmt":"2025-05-08T17:14:11","slug":"gobernador-y-vicegobernadora-de-mendoza-juntan-voluntades-para-reactivar-el-paso-pehuenche","status":"publish","type":"post","link":"https:\/\/www.goremaule.cl\/goremauleVII\/2025\/05\/08\/gobernador-y-vicegobernadora-de-mendoza-juntan-voluntades-para-reactivar-el-paso-pehuenche\/","title":{"rendered":"Gobernador y vicegobernadora de Mendoza juntan voluntades para reactivar el Paso Pehuenche"},"content":{"rendered":"\n<p><em>Tras una exitosa primera jornada en Buenos Aires, Argentina, el gobernador Pedro Pablo \u00c1lvarez-Salamanca continu\u00f3, este jueves 08 de mayo, su extensa agenda en la Provincia de Mendoza, para potenciar la econom\u00eda y turismo regional.<\/em><\/p>\n\n\n\n<p><strong>MENDOZA, ARGENTINA.- <\/strong>Con el objetivo de fortalecer el Paso Fronterizo Pehuenche, el gobernador regional del Maule, Pedro Pablo \u00c1lvarez-Salamanca, sostuvo una importante reuni\u00f3n de trabajo con la vicegobernadora de Mendoza, Hebe Casado, adem\u00e1s de las autoridades provinciales y regionales, con el objetivo de fortalecer la integraci\u00f3n binacional entre ambas regiones.<\/p>\n\n\n\n<p>El di\u00e1logo se centr\u00f3 en temas clave para el desarrollo conjunto, como la mejora de la conectividad provincial, el fomento del turismo de frontera, la agenda cultural compartida, las obras de infraestructura relacionadas con el paso internacional y la reactivaci\u00f3n de \u00e9ste como eje estrat\u00e9gico para el desarrollo econ\u00f3mico y social.<\/p>\n\n\n\n<p>\u201cQuiero agradecer la invitaci\u00f3n de nuestra vicegobernadora, los consejeros regionales y nuestro c\u00f3nsul. Estamos muy contentos porque fue una reuni\u00f3n muy fruct\u00edfera en donde abordamos distintos temas de importancia para tanto la Regi\u00f3n del Maule como tambi\u00e9n la Provincia de Mendoza. Tenemos que seguir remando para que ambas naciones nos potenciemos tanto en lo tur\u00edstico, comercial y cultural. Yo creo que es importante seguir afianzando estos lazos y las voluntades de parte de Argentina y de parte de Chile, por lo tanto tenemos que empezar a concretar ciertas cosas\u201d, se\u00f1al\u00f3 el gobernador, quien reafirm\u00f3 su compromiso con seguir impulsando esta agenda binacional.<\/p>\n\n\n\n<p>Por su parte, la vicegobernadora de Mendoza enfatiz\u00f3 que \u201cambas regiones comparten la zona del l\u00edmite y tienen muchas cosas en com\u00fan y para intercambiar. Creo que dentro de lo cultural, de lo tur\u00edstico hay mucho trabajo para hacer para en forma conjunta poder trabajar y potenciar ambas regiones con las caracter\u00edsticas de cada una de ellas. El Paso Pehuenche es un paso importante que queremos potenciar y que, adem\u00e1s de ser tur\u00edstico, sea tambi\u00e9n de cargas porque nos da relaci\u00f3n directa con el puerto en forma m\u00e1s r\u00e1pida y tambi\u00e9n permite que cuando colapse el Paso Internacional Vergara, podamos tener una segunda v\u00eda que sea por el sur\u201d.<\/p>\n\n\n\n<p>Uno de los anuncios m\u00e1s relevantes fue retomar la creaci\u00f3n del Comit\u00e9 de Integraci\u00f3n del Paso Pehuenche, el cual se realizar\u00e1 en el Maule durante el segundo semestre de este a\u00f1o, marcando un nuevo cap\u00edtulo en la relaci\u00f3n bilateral, y que tendr\u00e1 como misi\u00f3n articular pol\u00edticas, iniciativas y acciones concretas para potenciar su uso y desarrollo.<\/p>\n\n\n\n<p>Cabe destacar que el encuentro cont\u00f3 con la participaci\u00f3n de los consejeros regionales Rom\u00e1n P\u00e1vez, Patricio Dom\u00ednguez, Roberto Garc\u00eda y el director ejecutivo de la Corporaci\u00f3n Regional de Desarrollo Productivo Maule, Fabi\u00e1n Meza.<\/p>\n\n\n\n<p>Asimismo, este encuentro refleja la voluntad pol\u00edtica de ambas regiones por avanzar de manera coordinada hacia una mayor integraci\u00f3n y cooperaci\u00f3n transfronteriza, poniendo en valor el potencial del Paso Pehuenche como motor de desarrollo.<\/p>\n","protected":false},"excerpt":{"rendered":"<p>Tras una exitosa primera jornada en Buenos Aires, Argentina, el gobernador Pedro Pablo \u00c1lvarez-Salamanca continu\u00f3, este jueves 08 de mayo, su extensa agenda en la Provincia de Mendoza, para potenciar la econom\u00eda y turismo regional. MENDOZA, ARGENTINA.- Con el objetivo de fortalecer el Paso Fronterizo Pehuenche, el gobernador regional del Maule, Pedro Pablo \u00c1lvarez-Salamanca, sostuvo [&hellip;]<\/p>\n","protected":false},"author":3,"featured_media":11357,"comment_status":"open","ping_status":"open","sticky":false,"template":"","format":"standard","meta":{"_lmt_disableupdate":"","_lmt_disable":"","footnotes":""},"categories":[3],"tags":[],"class_list":["post-11356","post","type-post","status-publish","format-standard","has-post-thumbnail","hentry","category-prensa"],"modified_by":null,"_links":{"self":[{"href":"https:\/\/www.goremaule.cl\/goremauleVII\/wp-json\/wp\/v2\/posts\/11356","targetHints":{"allow":["GET"]}}],"collection":[{"href":"https:\/\/www.goremaule.cl\/goremauleVII\/wp-json\/wp\/v2\/posts"}],"about":[{"href":"https:\/\/www.goremaule.cl\/goremauleVII\/wp-json\/wp\/v2\/types\/post"}],"author":[{"embeddable":true,"href":"https:\/\/www.goremaule.cl\/goremauleVII\/wp-json\/wp\/v2\/users\/3"}],"replies":[{"embeddable":true,"href":"https:\/\/www.goremaule.cl\/goremauleVII\/wp-json\/wp\/v2\/comments?post=11356"}],"version-history":[{"count":1,"href":"https:\/\/www.goremaule.cl\/goremauleVII\/wp-json\/wp\/v2\/posts\/11356\/revisions"}],"predecessor-version":[{"id":11358,"href":"https:\/\/www.goremaule.cl\/goremauleVII\/wp-json\/wp\/v2\/posts\/11356\/revisions\/11358"}],"wp:featuredmedia":[{"embeddable":true,"href":"https:\/\/www.goremaule.cl\/goremauleVII\/wp-json\/wp\/v2\/media\/11357"}],"wp:attachment":[{"href":"https:\/\/www.goremaule.cl\/goremauleVII\/wp-json\/wp\/v2\/media?parent=11356"}],"wp:term":[{"taxonomy":"category","embeddable":true,"href":"https:\/\/www.goremaule.cl\/goremauleVII\/wp-json\/wp\/v2\/categories?post=11356"},{"taxonomy":"post_tag","embeddable":true,"href":"https:\/\/www.goremaule.cl\/goremauleVII\/wp-json\/wp\/v2\/tags?post=11356"}],"curies":[{"name":"wp","href":"https:\/\/api.w.org\/{rel}","templated":true}]}}