{"id":11305,"date":"2025-04-28T16:25:05","date_gmt":"2025-04-28T20:25:05","guid":{"rendered":"https:\/\/www.goremaule.cl\/goremauleVII\/?p=11305"},"modified":"2025-04-28T16:25:05","modified_gmt":"2025-04-28T20:25:05","slug":"autoridades-regionales-encabezan-ceremonia-por-el-aniversario-98-de-carabineros-de-chile","status":"publish","type":"post","link":"https:\/\/www.goremaule.cl\/goremauleVII\/2025\/04\/28\/autoridades-regionales-encabezan-ceremonia-por-el-aniversario-98-de-carabineros-de-chile\/","title":{"rendered":"Autoridades regionales encabezan ceremonia por el Aniversario 98\u00b0 de Carabineros de Chile"},"content":{"rendered":"\n<p><em>Con un fuerte llamado a avanzar en materia de seguridad, este lunes 28 de abril se realiz\u00f3 el acto c\u00edvico-militar para conmemorar un nuevo a\u00f1o de la instituci\u00f3n, donde particip\u00f3 el gobernador regional, Pedro Pablo \u00c1lvarez-Salamanca Ram\u00edrez, y cuya ceremonia estuvo presidida por el delegado presidencial regional, Humberto Aqueveque D\u00edaz, y la jefa de Zona de Carabineros Maule, general Maureen Espinoza Lobos.<\/em><\/p>\n\n\n\n<p>TALCA.- Con una amplia presencia de la comunidad y diversas autoridades regionales, se conmemor\u00f3 un nuevo aniversario de Carabineros de Chile en la Regi\u00f3n del Maule mediante una emotiva ceremonia en la Plaza de Armas de Talca y un desfile c\u00edvico-militar que incluy\u00f3 varias unidades de la instituci\u00f3n, como el GOPE, COP y la secci\u00f3n motorizada y canina.<\/p>\n\n\n\n<p>En esta l\u00ednea, el gobernador regional, Pedro Pablo \u00c1lvarez-Salamanca, expres\u00f3: \u201cTodos sabemos la importancia que tiene Carabineros de Chile. Siempre he sido enf\u00e1tico en que tenemos que cuidar y proteger a la instituci\u00f3n, ya que son ellos los que diariamente velan por el orden y seguridad de nuestro pa\u00eds y, en este caso, de nuestra regi\u00f3n. Mi compromiso desde el Gobierno del Maule, y junto a los 20 consejeros regionales, es seguir apoy\u00e1ndolos en todo lo que podamos, tal como hemos hecho hasta el momento con, por ejemplo, la entrega de equipamiento de veh\u00edculos de \u00faltima tecnolog\u00eda e incluso un helic\u00f3ptero. De esta forma, quiero reafirmar que mi compromiso se alinear\u00e1 sin duda con la labor de Carabineros para que puedan cumplir de mejor manera sus funciones\u201d.<\/p>\n\n\n\n<p>Cabe destacar que, en la regi\u00f3n se ha trabajado mancomunadamente desde todos los sectores para mantener al Maule como uno de los territorios m\u00e1s seguros de Chile. Asimismo, la regi\u00f3n cuenta con m\u00e1s de tres mil funcionarios de carabineros y carabineras, quienes se despliegan diariamente para proteger y colaborar con la comunidad en diversas \u00e1reas, principalmente en prevenci\u00f3n y combate de la delincuencia.<\/p>\n\n\n\n<p>Por su parte, el delegado presidencial regional, Humberto Aqueveque, resalt\u00f3 la labor que cumplen todos los funcionarios de Carabineros de Chile. \u201cAgradezco el trabajo que han desplegado d\u00eda a d\u00eda en la Regi\u00f3n del Maule en las 30 comunas de esta regi\u00f3n, comprometi\u00e9ndose con el servicio a la patria, con una vocaci\u00f3n puesta a toda prueba, donde cada d\u00eda dan cuenta de un trabajo abnegado, de un trabajo muy comprometido, poniendo a disposici\u00f3n toda su energ\u00eda, todas sus capacidades y muchas veces su fuerza, y las de sus familias, para mantener a la Regi\u00f3n del Maule como una de las regiones m\u00e1s seguras del pa\u00eds\u201d, manifest\u00f3. Para finalizar, la jefa de la Zona de Carabineros Maule, la general Maureen Espinoza, dijo que \u201ceste es un aniversario distinto, donde tambi\u00e9n estamos conmemorando un a\u00f1o de la violenta partida de tres de nuestros carabineros en Ca\u00f1ete. Eso no nos puede impedir que todos los carabineros con la comunidad y las autoridades comunales, regionales, provinciales nos reunamos junto a la comunidad para celebrar y conmemorar este 98\u00b0 aniversario. Estoy muy contenta, muy orgullosa de nuestros hombres y mujeres y sus familias\u201d.<\/p>\n","protected":false},"excerpt":{"rendered":"<p>Con un fuerte llamado a avanzar en materia de seguridad, este lunes 28 de abril se realiz\u00f3 el acto c\u00edvico-militar para conmemorar un nuevo a\u00f1o de la instituci\u00f3n, donde particip\u00f3 el gobernador regional, Pedro Pablo \u00c1lvarez-Salamanca Ram\u00edrez, y cuya ceremonia estuvo presidida por el delegado presidencial regional, Humberto Aqueveque D\u00edaz, y la jefa de Zona [&hellip;]<\/p>\n","protected":false},"author":3,"featured_media":11306,"comment_status":"open","ping_status":"open","sticky":false,"template":"","format":"standard","meta":{"_lmt_disableupdate":"","_lmt_disable":"","footnotes":""},"categories":[3],"tags":[],"class_list":["post-11305","post","type-post","status-publish","format-standard","has-post-thumbnail","hentry","category-prensa"],"modified_by":null,"_links":{"self":[{"href":"https:\/\/www.goremaule.cl\/goremauleVII\/wp-json\/wp\/v2\/posts\/11305","targetHints":{"allow":["GET"]}}],"collection":[{"href":"https:\/\/www.goremaule.cl\/goremauleVII\/wp-json\/wp\/v2\/posts"}],"about":[{"href":"https:\/\/www.goremaule.cl\/goremauleVII\/wp-json\/wp\/v2\/types\/post"}],"author":[{"embeddable":true,"href":"https:\/\/www.goremaule.cl\/goremauleVII\/wp-json\/wp\/v2\/users\/3"}],"replies":[{"embeddable":true,"href":"https:\/\/www.goremaule.cl\/goremauleVII\/wp-json\/wp\/v2\/comments?post=11305"}],"version-history":[{"count":1,"href":"https:\/\/www.goremaule.cl\/goremauleVII\/wp-json\/wp\/v2\/posts\/11305\/revisions"}],"predecessor-version":[{"id":11307,"href":"https:\/\/www.goremaule.cl\/goremauleVII\/wp-json\/wp\/v2\/posts\/11305\/revisions\/11307"}],"wp:featuredmedia":[{"embeddable":true,"href":"https:\/\/www.goremaule.cl\/goremauleVII\/wp-json\/wp\/v2\/media\/11306"}],"wp:attachment":[{"href":"https:\/\/www.goremaule.cl\/goremauleVII\/wp-json\/wp\/v2\/media?parent=11305"}],"wp:term":[{"taxonomy":"category","embeddable":true,"href":"https:\/\/www.goremaule.cl\/goremauleVII\/wp-json\/wp\/v2\/categories?post=11305"},{"taxonomy":"post_tag","embeddable":true,"href":"https:\/\/www.goremaule.cl\/goremauleVII\/wp-json\/wp\/v2\/tags?post=11305"}],"curies":[{"name":"wp","href":"https:\/\/api.w.org\/{rel}","templated":true}]}}