{"id":11287,"date":"2025-04-21T15:12:14","date_gmt":"2025-04-21T19:12:14","guid":{"rendered":"https:\/\/www.goremaule.cl\/goremauleVII\/?p=11287"},"modified":"2025-04-21T15:12:14","modified_gmt":"2025-04-21T19:12:14","slug":"firman-convenio-entre-crdp-e-inacap-para-fortalecer-a-los-emprendedores-del-maule","status":"publish","type":"post","link":"https:\/\/www.goremaule.cl\/goremauleVII\/2025\/04\/21\/firman-convenio-entre-crdp-e-inacap-para-fortalecer-a-los-emprendedores-del-maule\/","title":{"rendered":"Firman convenio entre CRDP e INACAP para fortalecer a los emprendedores del Maule"},"content":{"rendered":"\n<p><em>La actividad estuvo encabezada por el gobernador Pedro Pablo \u00c1lvarez-Salamanca, quien destac\u00f3 la importancia de esta alianza para potenciar al sector productivo.<\/em><\/p>\n\n\n\n<p>TALCA.- Con el objetivo de fortalecer la innovaci\u00f3n y el emprendimiento en la Regi\u00f3n del Maule, la Corporaci\u00f3n Regional de Desarrollo Productivo (CRDP) e INACAP Sede Talca firmaron un convenio de colaboraci\u00f3n que busca impulsar el desarrollo del sector productivo local.<\/p>\n\n\n\n<p>Mediante una ceremonia, presidida por el gobernador regional del Maule, Pedro Pablo \u00c1lvarez-Salamanca, el rector nacional de INACAP, Lucas Palacios, y el director de la CRDP, Fabi\u00e1n Meza, se anunci\u00f3 que esta alianza estrat\u00e9gica busca promover iniciativas conjuntas que contribuyan al crecimiento econ\u00f3mico de la regi\u00f3n.<\/p>\n\n\n\n<p>\u201cEn primer lugar quiero agradecer la visita de nuestro rector del INACAP, Lucas Palacios. Sabemos la importancia que tienen en el \u00e1mbito educacional a lo largo de todo nuestro pa\u00eds. Por lo mismo, es muy importante la firma de este convenio, ya que el emprendimiento es el motor del desarrollo de una regi\u00f3n, y por eso lo estamos potenciando a trav\u00e9s de la Corporaci\u00f3n Regional de Desarrollo Productivo para que podamos seguir formalizando a muchas m\u00e1s emprendedoras y emprendedoras de la regi\u00f3n\u201d, destac\u00f3 la m\u00e1xima autoridad regional y presidente de la corporaci\u00f3n.<\/p>\n\n\n\n<p>Por su parte, el rector nacional del Instituto Profesional y Centro de Formaci\u00f3n T\u00e9cnica destac\u00f3 que \u201clos convenios son muy importantes cuando apuntan a resolver un problema y, en Chile, hace mucho tiempo que tenemos una falta de creaci\u00f3n de empresas, pero lo que es a\u00fan peor: cuesta mucho que crezcan. Nosotros queremos darles m\u00e1s posibilidades a los emprendedores, generando que las peque\u00f1as empresas se transformen en medianas y as\u00ed sucesivamente. La idea es que las oportunidades ayuden no solo a las capitales provinciales como Talca, sino que a toda la Regi\u00f3n del Maule\u201d.<\/p>\n\n\n\n<p>Mediante este acuerdo, ambas instituciones se comprometen a trabajar en conjunto para fortalecer 10 lineamientos, donde destaca la implementaci\u00f3n de iniciativas de cooperaci\u00f3n conjunta para contribuir al mejoramiento de la competitividad y productividad; promover la empleabilidad de estudiantes y exalumnos de INACAP, facilitando oportunidades de acercamiento al contexto laboral con la CRDP del Maule; y dise\u00f1ar, desarrollar y\/o ejecutar iniciativas culturales que promuevan la construcci\u00f3n de la identidad local de la regi\u00f3n.<\/p>\n\n\n\n<p>Paralelamente, las autoridades encabezaron el anuncio de la Semana Emprende INACAP mediante la inauguraci\u00f3n de la Feria Emprendedores que considera a cerca de 20 puestos de venta de diversos productos dentro del hall del establecimiento.<\/p>\n\n\n\n<p>Cabe destacar que el convenio tendr\u00e1 una durabilidad de dos a\u00f1os, prorrogable autom\u00e1ticamente por periodos iguales de dos a\u00f1os por cada uno, por lo que su puesta en marcha considera un paso importante hacia la consolidaci\u00f3n de una red de colaboraci\u00f3n orientada a mejorar la competitividad del Maule, poniendo en valor el talento local y promoviendo una cultura de innovaci\u00f3n con impacto territorial.<\/p>\n","protected":false},"excerpt":{"rendered":"<p>La actividad estuvo encabezada por el gobernador Pedro Pablo \u00c1lvarez-Salamanca, quien destac\u00f3 la importancia de esta alianza para potenciar al sector productivo. TALCA.- Con el objetivo de fortalecer la innovaci\u00f3n y el emprendimiento en la Regi\u00f3n del Maule, la Corporaci\u00f3n Regional de Desarrollo Productivo (CRDP) e INACAP Sede Talca firmaron un convenio de colaboraci\u00f3n que [&hellip;]<\/p>\n","protected":false},"author":3,"featured_media":11288,"comment_status":"open","ping_status":"open","sticky":false,"template":"","format":"standard","meta":{"_lmt_disableupdate":"","_lmt_disable":"","footnotes":""},"categories":[3],"tags":[],"class_list":["post-11287","post","type-post","status-publish","format-standard","has-post-thumbnail","hentry","category-prensa"],"modified_by":null,"_links":{"self":[{"href":"https:\/\/www.goremaule.cl\/goremauleVII\/wp-json\/wp\/v2\/posts\/11287","targetHints":{"allow":["GET"]}}],"collection":[{"href":"https:\/\/www.goremaule.cl\/goremauleVII\/wp-json\/wp\/v2\/posts"}],"about":[{"href":"https:\/\/www.goremaule.cl\/goremauleVII\/wp-json\/wp\/v2\/types\/post"}],"author":[{"embeddable":true,"href":"https:\/\/www.goremaule.cl\/goremauleVII\/wp-json\/wp\/v2\/users\/3"}],"replies":[{"embeddable":true,"href":"https:\/\/www.goremaule.cl\/goremauleVII\/wp-json\/wp\/v2\/comments?post=11287"}],"version-history":[{"count":1,"href":"https:\/\/www.goremaule.cl\/goremauleVII\/wp-json\/wp\/v2\/posts\/11287\/revisions"}],"predecessor-version":[{"id":11289,"href":"https:\/\/www.goremaule.cl\/goremauleVII\/wp-json\/wp\/v2\/posts\/11287\/revisions\/11289"}],"wp:featuredmedia":[{"embeddable":true,"href":"https:\/\/www.goremaule.cl\/goremauleVII\/wp-json\/wp\/v2\/media\/11288"}],"wp:attachment":[{"href":"https:\/\/www.goremaule.cl\/goremauleVII\/wp-json\/wp\/v2\/media?parent=11287"}],"wp:term":[{"taxonomy":"category","embeddable":true,"href":"https:\/\/www.goremaule.cl\/goremauleVII\/wp-json\/wp\/v2\/categories?post=11287"},{"taxonomy":"post_tag","embeddable":true,"href":"https:\/\/www.goremaule.cl\/goremauleVII\/wp-json\/wp\/v2\/tags?post=11287"}],"curies":[{"name":"wp","href":"https:\/\/api.w.org\/{rel}","templated":true}]}}