{"id":11283,"date":"2025-04-18T12:00:00","date_gmt":"2025-04-18T16:00:00","guid":{"rendered":"https:\/\/www.goremaule.cl\/goremauleVII\/?p=11283"},"modified":"2025-04-17T18:06:11","modified_gmt":"2025-04-17T22:06:11","slug":"maule-agro-futuro-abren-convocatoria-para-potenciar-soluciones-tecnologicas-en-la-agroindustria-regional","status":"publish","type":"post","link":"https:\/\/www.goremaule.cl\/goremauleVII\/2025\/04\/18\/maule-agro-futuro-abren-convocatoria-para-potenciar-soluciones-tecnologicas-en-la-agroindustria-regional\/","title":{"rendered":"\u201cMaule Agro Futuro\u201d: Abren convocatoria para potenciar soluciones tecnol\u00f3gicas en la agroindustria regional"},"content":{"rendered":"\n<p><em>Desde el Gobierno Regional del Maule y la Fundaci\u00f3n Innova anunciaron el concurso dirigido a aquellas personas o equipos que tengan un proyecto basado en el desarrollo y validaci\u00f3n de tecnolog\u00edas y nuevas soluciones de la agroindustria alimentaria.<\/em><\/p>\n\n\n\n<p>TALCA.- Generar espacios que promuevan la innovaci\u00f3n y la competitividad en el sector agroalimentario es uno de los grandes desaf\u00edos que enfrenta la Regi\u00f3n del Maule en la actualidad. Por lo mismo, mediante una estrategia impulsada por la Fundaci\u00f3n Innova y a su vez, financiada con recursos del Gobierno Regional del Maule, se realiz\u00f3 el anuncio a la convocatoria \u201cMaule Agro Futuro, segunda generaci\u00f3n\u201d, la cual busca instalar capacidades, fortalecer la innovaci\u00f3n y concretar soluciones tecnol\u00f3gicas respecto al campo maulino.<\/p>\n\n\n\n<p>El objetivo de este concurso es financiar 10 proyectos orientados a resolver la baja competitividad en este sector que, pese a ser una regi\u00f3n agr\u00edcola, ocupa el \u00faltimo lugar del pa\u00eds respecto a la tasa de Innovaci\u00f3n.<\/p>\n\n\n\n<p>\u201cEstamos contentos de poder lanzar la segunda versi\u00f3n del concurso Maule Agro Futuro, ya que queremos potenciar a todos nuestros agricultores que quieran innovar con proyectos que incrementen la competencia a nivel local y nacional. Nosotros siempre lo hemos dicho: queremos apoyar en lo que m\u00e1s podamos a nuestros emprendedores para crecer en conjunto\u201d, indic\u00f3 el gobernador regional, Pedro Pablo \u00c1lvarez-Salamanca.<\/p>\n\n\n\n<p>\u201cEsta convocatoria es parte de una estrategia que instala capacidades, acompa\u00f1a emprendimientos y genera soluciones tecnol\u00f3gicas desde el Maule para el Maule y m\u00e1s all\u00e1. Este no es solo un fondo de financiamiento, es parte de un ecosistema en movimiento, donde universidades, gremios, empresas y servicios p\u00fablicos se sientan en la misma mesa para impulsar juntos una agricultura, m\u00e1s eficiente, limpia y conectada\u201d, indic\u00f3 Catalina Toro, presidenta de la Fundaci\u00f3n Innova.<\/p>\n\n\n\n<p>La convocatoria estar\u00e1 disponible de manera <em>online <\/em>a trav\u00e9s de <a href=\"http:\/\/postula.fundacioninnova.com\">postula.fundacioninnova.com<\/a>, desde el jueves 17 de abril hasta el mi\u00e9rcoles 14 de mayo, donde toda persona natural, mayor de 18 a\u00f1os, con residencia en Chile, y\/o persona jur\u00eddica constituida en Chile, con una antig\u00fcedad m\u00e1xima de 12 meses podr\u00e1 acceder a este concurso, presentado solo un proyecto del sector \u201cagtech\u201d o \u201cagro 4.0\u201d de alto potencial de crecimiento.<\/p>\n\n\n\n<p>Asimismo, cada iniciativa seleccionada recibir\u00e1 un monto m\u00e1ximo de $8 millones para ejecutar su proyecto en un plazo de seis meses, donde adicionalmente recibir\u00e1 acompa\u00f1amiento, mentor\u00edas y acceso a la red del ecosistema regional, y al AgroCowork, espacio colaborativo y centro de operaciones del Fundaci\u00f3n Innova.<\/p>\n\n\n\n<p>El lanzamiento de esta nueva convocatoria representa un nuevo paso hacia una agricultura m\u00e1s sostenible, digital y basada en datos, alineada con los desaf\u00edos del cambio clim\u00e1tico y los objetivos de desarrollo regional al 2042.<\/p>\n","protected":false},"excerpt":{"rendered":"<p>Desde el Gobierno Regional del Maule y la Fundaci\u00f3n Innova anunciaron el concurso dirigido a aquellas personas o equipos que tengan un proyecto basado en el desarrollo y validaci\u00f3n de tecnolog\u00edas y nuevas soluciones de la agroindustria alimentaria. TALCA.- Generar espacios que promuevan la innovaci\u00f3n y la competitividad en el sector agroalimentario es uno de [&hellip;]<\/p>\n","protected":false},"author":3,"featured_media":11284,"comment_status":"open","ping_status":"open","sticky":false,"template":"","format":"standard","meta":{"_lmt_disableupdate":"","_lmt_disable":"","footnotes":""},"categories":[3],"tags":[],"class_list":["post-11283","post","type-post","status-publish","format-standard","has-post-thumbnail","hentry","category-prensa"],"modified_by":null,"_links":{"self":[{"href":"https:\/\/www.goremaule.cl\/goremauleVII\/wp-json\/wp\/v2\/posts\/11283","targetHints":{"allow":["GET"]}}],"collection":[{"href":"https:\/\/www.goremaule.cl\/goremauleVII\/wp-json\/wp\/v2\/posts"}],"about":[{"href":"https:\/\/www.goremaule.cl\/goremauleVII\/wp-json\/wp\/v2\/types\/post"}],"author":[{"embeddable":true,"href":"https:\/\/www.goremaule.cl\/goremauleVII\/wp-json\/wp\/v2\/users\/3"}],"replies":[{"embeddable":true,"href":"https:\/\/www.goremaule.cl\/goremauleVII\/wp-json\/wp\/v2\/comments?post=11283"}],"version-history":[{"count":1,"href":"https:\/\/www.goremaule.cl\/goremauleVII\/wp-json\/wp\/v2\/posts\/11283\/revisions"}],"predecessor-version":[{"id":11285,"href":"https:\/\/www.goremaule.cl\/goremauleVII\/wp-json\/wp\/v2\/posts\/11283\/revisions\/11285"}],"wp:featuredmedia":[{"embeddable":true,"href":"https:\/\/www.goremaule.cl\/goremauleVII\/wp-json\/wp\/v2\/media\/11284"}],"wp:attachment":[{"href":"https:\/\/www.goremaule.cl\/goremauleVII\/wp-json\/wp\/v2\/media?parent=11283"}],"wp:term":[{"taxonomy":"category","embeddable":true,"href":"https:\/\/www.goremaule.cl\/goremauleVII\/wp-json\/wp\/v2\/categories?post=11283"},{"taxonomy":"post_tag","embeddable":true,"href":"https:\/\/www.goremaule.cl\/goremauleVII\/wp-json\/wp\/v2\/tags?post=11283"}],"curies":[{"name":"wp","href":"https:\/\/api.w.org\/{rel}","templated":true}]}}