{"id":11072,"date":"2025-04-06T17:05:15","date_gmt":"2025-04-06T21:05:15","guid":{"rendered":"https:\/\/www.goremaule.cl\/goremauleVII\/?p=11072"},"modified":"2025-04-06T17:05:15","modified_gmt":"2025-04-06T21:05:15","slug":"autoridades-regionales-se-unen-transversalmente-para-reforzar-la-busqueda-de-pescadores-de-constitucion","status":"publish","type":"post","link":"https:\/\/www.goremaule.cl\/goremauleVII\/2025\/04\/06\/autoridades-regionales-se-unen-transversalmente-para-reforzar-la-busqueda-de-pescadores-de-constitucion\/","title":{"rendered":"Autoridades regionales se unen transversalmente para reforzar la b\u00fasqueda de pescadores de Constituci\u00f3n"},"content":{"rendered":"\n<p><em>El gobernador regional del Maule, Pedro Pablo \u00c1lvarez-Salamanca Ram\u00edrez junto al delegado presidencial regional, Humberto Aqueveque D\u00edaz y parlamentarios de la regi\u00f3n, realizaron una reuni\u00f3n extraordinaria para acordar lineamientos y seguir apoyando a las familias en la investigaci\u00f3n de estos hechos.&nbsp;<\/em><\/p>\n\n\n\n<p>TALCA.-\u00a0Luego de revelarse los nuevos antecedentes sobre la desaparici\u00f3n de los pescadores de Constituci\u00f3n en la Regi\u00f3n del Biob\u00edo, el gobernador regional del Maule, Pedro Pablo \u00c1lvarez-Salamanca Ram\u00edrez, junto al delegado presidencial regional, Humberto Aqueveque D\u00edaz, lideraron la reuni\u00f3n junto a parlamentarios y otras autoridades de la Regi\u00f3n del Maule para definir directrices en apoyo a las familias afectadas y trabajar de manera multisectorial en virtud de esclarecer los hechos y dar con los responsables.<\/p>\n\n\n\n<p>El gobernador regional del Maule, Pedro Pablo \u00c1lvarez-Salamanca Ram\u00edrez, emiti\u00f3 una declaraci\u00f3n p\u00fablica, tras un acuerdo realizado en la reuni\u00f3n junto a las autoridades regionales presentes. \u201cQueremos expresar nuestra profunda consternaci\u00f3n, dolor y solidaridad ante la tragedia que enluta la Comuna de Constituci\u00f3n, a nuestra gente y a todo nuestro pa\u00eds. Nos unimos al sufrimiento de las familias, amigos, colegas y comunidades que, con angustia, han seguido cada paso de la b\u00fasqueda de los siete tripulantes de la embarcaci\u00f3n Bruma, desaparecidos tras la colisi\u00f3n con otra nave. Este lamentable y tr\u00e1gico hecho no puede quedar impune, ni puede ser olvidado, especialmente por los tripulantes maulinos. Hoy m\u00e1s que nunca es necesario actuar con unidad, responsabilidad y determinaci\u00f3n. Valoramos la fuerza, la claridad con la que los representantes de las familias afectadas y los gremios de la pesca artesanal han expresado sus demandas y queremos decir con toda certeza que no los dejaremos solos\u201d, expres\u00f3 la m\u00e1xima autoridad regional.&nbsp;<\/p>\n\n\n\n<p>Durante la reuni\u00f3n se lleg\u00f3 a diversos acuerdos para la b\u00fasqueda de los pescadores de Constituci\u00f3n desaparecidos en la Regi\u00f3n del Biob\u00edo y lineamientos en base a la investigaci\u00f3n judicial.&nbsp;<\/p>\n\n\n\n<p>Por su parte, el delegado presidencial regional, Humberto Aqueveque D\u00edaz, valor\u00f3 el marco de unidad y transversalidad que se ha desarrollado tras esta reuni\u00f3n. \u201cCre\u00edamos que era relevante hacer una gesti\u00f3n de unidad ante esta cat\u00e1strofe que nos ha afectado tanto en lo humano como en lo personal a varios de nosotros, sobre todo entendiendo que son siete tripulantes de la comuna de Constituci\u00f3n. Lo primero, hacernos cargo como Gobierno de que se est\u00e1 desarrollando el trabajo administrativo para ampliar el proceso de b\u00fasqueda m\u00e1s all\u00e1 de los siete d\u00edas establecidos por los protocolos internacionales de b\u00fasqueda terrestre, a\u00e9rea y mar\u00edtima en caso de desaparici\u00f3n de personas. Se est\u00e1 trabajando respecto de eso junto a la ministra de Defensa, Adriana del Piano y los subsecretarios de Seguridad y de Interior. Y en otro \u00e1mbito, tambi\u00e9n valorar la determinaci\u00f3n que han tomado los parlamentarios, pero principalmente a trav\u00e9s de la C\u00e1mara Baja, de generar una comisi\u00f3n investigadora\u201d, destac\u00f3.&nbsp;<\/p>\n\n\n\n<p>Para finalizar, los parlamentarios acordaron impulsar la conformaci\u00f3n de una Comisi\u00f3n Especial Investigadora en la C\u00e1mara de Diputadas y Diputados con el objetivo de esclarecer todos los antecedentes relativos a este acontecimiento ocurrido en las costas de la Regi\u00f3n del Biob\u00edo.&nbsp;<\/p>\n\n\n\n<p><strong>REACCIONES DE OTRAS AUTORIDADES<\/strong><\/p>\n\n\n\n<p>Jorge Guzm\u00e1n, diputado de la Rep\u00fablica: \u201cValoro la instancia de unidad, aqu\u00ed los esfuerzos individuales que hemos desarrollado todas las autoridades de la Regi\u00f3n del Maule se unifican en un esfuerzo colectivo que hace peticiones concretas en materias que son tan relevantes como la recuperaci\u00f3n, la verdad y la justicia. Eso es lo que nos piden las familias de los siete pescadores, tambi\u00e9n los gremios asociados a esta labor y, por cierto, la regi\u00f3n del Maule y la gente de Constituci\u00f3n\u201d.&nbsp;<\/p>\n\n\n\n<p>Felipe Donoso, diputado de la Rep\u00fablica: \u201cLa b\u00fasqueda va a continuar el lunes, a pesar de que han pasado ya los siete d\u00edas, porque es importante para la familia tener la tranquilidad de d\u00f3nde est\u00e1n sus familiares. Son siete personas de la Regi\u00f3n del Maule que se encuentran desaparecidas y que debemos saber en qu\u00e9 condiciones se encuentran y d\u00f3nde est\u00e1n\u201d.&nbsp;<\/p>\n\n\n\n<p>Silvio del R\u00edo, consejero regional: \u201cLa comuna de Constituci\u00f3n est\u00e1 consternada por el tema. Esto es transversal en la sociedad de la Perla del Maule, porque hay familias de distintos barrios, hay amigos, hay lazos de distinto tipo que tienen realmente conmovida a la comuna. Solo esperamos que, con toda la fuerza, con todo el rigor de la ley, se haga justicia, que el Ministerio P\u00fablico act\u00fae y que encuentre a los culpables\u201d.&nbsp;<\/p>\n","protected":false},"excerpt":{"rendered":"<p>El gobernador regional del Maule, Pedro Pablo \u00c1lvarez-Salamanca Ram\u00edrez junto al delegado presidencial regional, Humberto Aqueveque D\u00edaz y parlamentarios de la regi\u00f3n, realizaron una reuni\u00f3n extraordinaria para acordar lineamientos y seguir apoyando a las familias en la investigaci\u00f3n de estos hechos.&nbsp; TALCA.-\u00a0Luego de revelarse los nuevos antecedentes sobre la desaparici\u00f3n de los pescadores de Constituci\u00f3n [&hellip;]<\/p>\n","protected":false},"author":3,"featured_media":11073,"comment_status":"open","ping_status":"open","sticky":false,"template":"","format":"standard","meta":{"_lmt_disableupdate":"","_lmt_disable":"","footnotes":""},"categories":[3],"tags":[],"class_list":["post-11072","post","type-post","status-publish","format-standard","has-post-thumbnail","hentry","category-prensa"],"modified_by":null,"_links":{"self":[{"href":"https:\/\/www.goremaule.cl\/goremauleVII\/wp-json\/wp\/v2\/posts\/11072","targetHints":{"allow":["GET"]}}],"collection":[{"href":"https:\/\/www.goremaule.cl\/goremauleVII\/wp-json\/wp\/v2\/posts"}],"about":[{"href":"https:\/\/www.goremaule.cl\/goremauleVII\/wp-json\/wp\/v2\/types\/post"}],"author":[{"embeddable":true,"href":"https:\/\/www.goremaule.cl\/goremauleVII\/wp-json\/wp\/v2\/users\/3"}],"replies":[{"embeddable":true,"href":"https:\/\/www.goremaule.cl\/goremauleVII\/wp-json\/wp\/v2\/comments?post=11072"}],"version-history":[{"count":1,"href":"https:\/\/www.goremaule.cl\/goremauleVII\/wp-json\/wp\/v2\/posts\/11072\/revisions"}],"predecessor-version":[{"id":11074,"href":"https:\/\/www.goremaule.cl\/goremauleVII\/wp-json\/wp\/v2\/posts\/11072\/revisions\/11074"}],"wp:featuredmedia":[{"embeddable":true,"href":"https:\/\/www.goremaule.cl\/goremauleVII\/wp-json\/wp\/v2\/media\/11073"}],"wp:attachment":[{"href":"https:\/\/www.goremaule.cl\/goremauleVII\/wp-json\/wp\/v2\/media?parent=11072"}],"wp:term":[{"taxonomy":"category","embeddable":true,"href":"https:\/\/www.goremaule.cl\/goremauleVII\/wp-json\/wp\/v2\/categories?post=11072"},{"taxonomy":"post_tag","embeddable":true,"href":"https:\/\/www.goremaule.cl\/goremauleVII\/wp-json\/wp\/v2\/tags?post=11072"}],"curies":[{"name":"wp","href":"https:\/\/api.w.org\/{rel}","templated":true}]}}